{"id":79,"date":"2018-11-05T14:17:52","date_gmt":"2018-11-05T13:17:52","guid":{"rendered":"http:\/\/www.cadre-romand.ch\/?p=79"},"modified":"2019-11-14T09:12:41","modified_gmt":"2019-11-14T08:12:41","slug":"selections-2019","status":"publish","type":"post","link":"https:\/\/www.cadre-romand.ch\/index.php\/2018\/11\/05\/selections-2019\/","title":{"rendered":"S\u00e9lections 2019"},"content":{"rendered":"<p>Les s\u00e9lections 2019 sont maintenant publi\u00e9es sur le site: <a href=\"http:\/\/www.cadre-romand.ch\/wp-content\/uploads\/2018\/11\/Se\u0301lections-2019.pdf\">S\u00e9lections 2019<\/a><\/p>\n","protected":false},"excerpt":{"rendered":"<p>Les s\u00e9lections 2019 sont maintenant publi\u00e9es sur le site: S\u00e9lections 2019<\/p>\n","protected":false},"author":1,"featured_media":0,"comment_status":"closed","ping_status":"closed","sticky":false,"template":"","format":"standard","meta":{"footnotes":""},"categories":[1],"tags":[],"class_list":["post-79","post","type-post","status-publish","format-standard","hentry","category-tous"],"_links":{"self":[{"href":"https:\/\/www.cadre-romand.ch\/index.php\/wp-json\/wp\/v2\/posts\/79","targetHints":{"allow":["GET"]}}],"collection":[{"href":"https:\/\/www.cadre-romand.ch\/index.php\/wp-json\/wp\/v2\/posts"}],"about":[{"href":"https:\/\/www.cadre-romand.ch\/index.php\/wp-json\/wp\/v2\/types\/post"}],"author":[{"embeddable":true,"href":"https:\/\/www.cadre-romand.ch\/index.php\/wp-json\/wp\/v2\/users\/1"}],"replies":[{"embeddable":true,"href":"https:\/\/www.cadre-romand.ch\/index.php\/wp-json\/wp\/v2\/comments?post=79"}],"version-history":[{"count":2,"href":"https:\/\/www.cadre-romand.ch\/index.php\/wp-json\/wp\/v2\/posts\/79\/revisions"}],"predecessor-version":[{"id":130,"href":"https:\/\/www.cadre-romand.ch\/index.php\/wp-json\/wp\/v2\/posts\/79\/revisions\/130"}],"wp:attachment":[{"href":"https:\/\/www.cadre-romand.ch\/index.php\/wp-json\/wp\/v2\/media?parent=79"}],"wp:term":[{"taxonomy":"category","embeddable":true,"href":"https:\/\/www.cadre-romand.ch\/index.php\/wp-json\/wp\/v2\/categories?post=79"},{"taxonomy":"post_tag","embeddable":true,"href":"https:\/\/www.cadre-romand.ch\/index.php\/wp-json\/wp\/v2\/tags?post=79"}],"curies":[{"name":"wp","href":"https:\/\/api.w.org\/{rel}","templated":true}]}}