{"id":734,"date":"2024-07-06T01:05:36","date_gmt":"2024-07-05T23:05:36","guid":{"rendered":"https:\/\/www.cadre-romand.ch\/?p=734"},"modified":"2024-07-06T01:05:37","modified_gmt":"2024-07-05T23:05:37","slug":"tzampata-2024","status":"publish","type":"post","link":"https:\/\/www.cadre-romand.ch\/index.php\/2024\/07\/06\/tzampata-2024\/","title":{"rendered":"Tzampata 2024"},"content":{"rendered":"\n<p>Comme les ann\u00e9es pr\u00e9c\u00e9dentes, le Cadre Romand a particip\u00e9 \u00e0 la r\u00e9alisation de la Tzampata, une course dans les escaliers de Fribourg o\u00f9 seuls les temps de la mont\u00e9e de ces fameux escaliers seront chronom\u00e9tr\u00e9s et additionn\u00e9. Cette course permet au cadre romand de gagner de l&rsquo;argent afin de financer les diff\u00e9rentes activit\u00e9s au cours de l&rsquo;ann\u00e9e.<\/p>\n\n\n\n<p>Le dimanche 30 juin, rendez-vous \u00e0 7h30 sur la place de l\u2019H\u00f4tel de ville \u00e0 Fribourg. Le r\u00e9veil \u00e0 un peu piqu\u00e9 pour certains&#8230; Nous avons re\u00e7u les explications de T\u00e9rence concernant l\u2019organisation globale de la course ainsi que les explications des chefs d\u2019escaliers pour la mise en place de barri\u00e8res, rubalise, oriflammes ou de banderoles de sponsors sur nos escaliers. Nous nous sommes ensuite dirig\u00e9s vers nos postes attribu\u00e9s. Tout le monde \u00e9tait assign\u00e9 \u00e0 un poste, que ce soit en haut des escaliers pour encourager les coureurs, sur le bas pour les faire partir un \u00e0 un ou encore \u00e0 l\u2019arriv\u00e9e ainsi qu\u2019au milieu du parcours pour le ravitaillement.<\/p>\n\n\n\n<p>Vers 9h, les premiers coureurs \u00e9taient d\u00e9j\u00e0 sur le parcours, pr\u00eats \u00e0 battre le record pour certains, ou, pour d\u2019autres, tout simplement \u00e0 s\u2019amuser, en famille ou entre amis. Il faisait un peu nuageux et presque froid pour certains b\u00e9n\u00e9voles, mais c\u2019\u00e9tait la temp\u00e9rature parfaite pour les coureurs.<\/p>\n\n\n\n<p>\u00c0 12h, le dernier d\u00e9part \u00e9tait parti. Les b\u00e9n\u00e9voles commencent \u00e0 ranger leurs postes et certains \u00e0 se&nbsp;diriger vers le d\u00e9part, pour courir eux-m\u00eames ces 6 fameux escaliers. Noah, Arthur, Romain, Aur\u00e9lie, Elizabeth et Marie ont donc d\u00e9val\u00e9, \u00e0 la mont\u00e9e, les escaliers fribourgeois. &nbsp;<\/p>\n\n\n\n<p>\u00c0 13h30, c&rsquo;\u00e9tait la remise des prix, avec des bons r\u00e9sultats&nbsp;pour certains : Marie 2\u00e8me, Elizabeth 8\u00e8me,&nbsp;Aur\u00e9lie 3\u00e8me, et une 5,6 et 7\u00e8me place pour Noah, Romain et Arthur, tous et toutes dans leurs cat\u00e9gories respectives.&nbsp;<\/p>\n\n\n\n<p>Apr\u00e8s la course, place au pique-nique (au pluriel pour Aur\u00e9lien qui a mang\u00e9 non seulement le sien mais aussi deux restes de wrap au poulet et un gros fond de bowl au saumon. Il avait toujours faim apr\u00e8s tout \u00e7a&#8230;) et les rangements, qui furent rapides au vu de l&rsquo;efficacit\u00e9 des b\u00e9n\u00e9voles.<\/p>\n\n\n\n<p>Chacun et chacune rentre finalement chez lui ou elle, en se r\u00e9jouissant de la prochaine activit\u00e9 du cadre : le Jugendlager !&nbsp;<\/p>\n\n\n\n<p>Elizabeth&nbsp;<\/p>\n\n\n\n<figure class=\"wp-block-image size-full is-resized\"><img loading=\"lazy\" decoding=\"async\" width=\"200\" height=\"120\" src=\"https:\/\/www.cadre-romand.ch\/wp-content\/uploads\/2024\/07\/image.jpeg\" alt=\"\" class=\"wp-image-735\" style=\"width:447px;height:auto\" srcset=\"https:\/\/www.cadre-romand.ch\/wp-content\/uploads\/2024\/07\/image.jpeg 200w, https:\/\/www.cadre-romand.ch\/wp-content\/uploads\/2024\/07\/image-100x60.jpeg 100w, https:\/\/www.cadre-romand.ch\/wp-content\/uploads\/2024\/07\/image-150x90.jpeg 150w\" sizes=\"auto, (max-width: 200px) 100vw, 200px\" \/><\/figure>\n\n\n\n<figure class=\"wp-block-image size-large\"><img loading=\"lazy\" decoding=\"async\" width=\"1024\" height=\"683\" src=\"https:\/\/www.cadre-romand.ch\/wp-content\/uploads\/2024\/07\/image-1-1024x683.jpeg\" alt=\"\" class=\"wp-image-736\" srcset=\"https:\/\/www.cadre-romand.ch\/wp-content\/uploads\/2024\/07\/image-1-1024x683.jpeg 1024w, https:\/\/www.cadre-romand.ch\/wp-content\/uploads\/2024\/07\/image-1-300x200.jpeg 300w, https:\/\/www.cadre-romand.ch\/wp-content\/uploads\/2024\/07\/image-1-768x512.jpeg 768w, https:\/\/www.cadre-romand.ch\/wp-content\/uploads\/2024\/07\/image-1-1536x1024.jpeg 1536w, https:\/\/www.cadre-romand.ch\/wp-content\/uploads\/2024\/07\/image-1-100x67.jpeg 100w, https:\/\/www.cadre-romand.ch\/wp-content\/uploads\/2024\/07\/image-1-150x100.jpeg 150w, https:\/\/www.cadre-romand.ch\/wp-content\/uploads\/2024\/07\/image-1-200x133.jpeg 200w, https:\/\/www.cadre-romand.ch\/wp-content\/uploads\/2024\/07\/image-1-450x300.jpeg 450w, https:\/\/www.cadre-romand.ch\/wp-content\/uploads\/2024\/07\/image-1-600x400.jpeg 600w, https:\/\/www.cadre-romand.ch\/wp-content\/uploads\/2024\/07\/image-1-900x600.jpeg 900w, https:\/\/www.cadre-romand.ch\/wp-content\/uploads\/2024\/07\/image-1.jpeg 1600w\" sizes=\"auto, (max-width: 1024px) 100vw, 1024px\" \/><\/figure>\n\n\n\n<figure class=\"wp-block-image size-large\"><img loading=\"lazy\" decoding=\"async\" width=\"1024\" height=\"683\" src=\"https:\/\/www.cadre-romand.ch\/wp-content\/uploads\/2024\/07\/image-2-1024x683.jpeg\" alt=\"\" class=\"wp-image-737\" srcset=\"https:\/\/www.cadre-romand.ch\/wp-content\/uploads\/2024\/07\/image-2-1024x683.jpeg 1024w, https:\/\/www.cadre-romand.ch\/wp-content\/uploads\/2024\/07\/image-2-300x200.jpeg 300w, https:\/\/www.cadre-romand.ch\/wp-content\/uploads\/2024\/07\/image-2-768x512.jpeg 768w, https:\/\/www.cadre-romand.ch\/wp-content\/uploads\/2024\/07\/image-2-1536x1024.jpeg 1536w, https:\/\/www.cadre-romand.ch\/wp-content\/uploads\/2024\/07\/image-2-100x67.jpeg 100w, https:\/\/www.cadre-romand.ch\/wp-content\/uploads\/2024\/07\/image-2-150x100.jpeg 150w, https:\/\/www.cadre-romand.ch\/wp-content\/uploads\/2024\/07\/image-2-200x133.jpeg 200w, https:\/\/www.cadre-romand.ch\/wp-content\/uploads\/2024\/07\/image-2-450x300.jpeg 450w, https:\/\/www.cadre-romand.ch\/wp-content\/uploads\/2024\/07\/image-2-600x400.jpeg 600w, https:\/\/www.cadre-romand.ch\/wp-content\/uploads\/2024\/07\/image-2-900x600.jpeg 900w, https:\/\/www.cadre-romand.ch\/wp-content\/uploads\/2024\/07\/image-2.jpeg 1600w\" sizes=\"auto, (max-width: 1024px) 100vw, 1024px\" \/><\/figure>\n\n\n","protected":false},"excerpt":{"rendered":"<p>Comme les ann\u00e9es pr\u00e9c\u00e9dentes, le Cadre Romand a particip\u00e9 \u00e0 la r\u00e9alisation de la Tzampata, une course dans les escaliers de Fribourg o\u00f9 seuls les temps de la mont\u00e9e de ces fameux escaliers seront chronom\u00e9tr\u00e9s et additionn\u00e9. Cette course permet &hellip;<\/p>\n<p class=\"read-more\"> <a class=\"more-link\" href=\"https:\/\/www.cadre-romand.ch\/index.php\/2024\/07\/06\/tzampata-2024\/\"> <span class=\"screen-reader-text\">Tzampata 2024<\/span> Read More &raquo;<\/a><\/p>\n","protected":false},"author":2,"featured_media":0,"comment_status":"closed","ping_status":"closed","sticky":false,"template":"","format":"standard","meta":{"footnotes":""},"categories":[1],"tags":[],"class_list":["post-734","post","type-post","status-publish","format-standard","hentry","category-tous"],"_links":{"self":[{"href":"https:\/\/www.cadre-romand.ch\/index.php\/wp-json\/wp\/v2\/posts\/734","targetHints":{"allow":["GET"]}}],"collection":[{"href":"https:\/\/www.cadre-romand.ch\/index.php\/wp-json\/wp\/v2\/posts"}],"about":[{"href":"https:\/\/www.cadre-romand.ch\/index.php\/wp-json\/wp\/v2\/types\/post"}],"author":[{"embeddable":true,"href":"https:\/\/www.cadre-romand.ch\/index.php\/wp-json\/wp\/v2\/users\/2"}],"replies":[{"embeddable":true,"href":"https:\/\/www.cadre-romand.ch\/index.php\/wp-json\/wp\/v2\/comments?post=734"}],"version-history":[{"count":1,"href":"https:\/\/www.cadre-romand.ch\/index.php\/wp-json\/wp\/v2\/posts\/734\/revisions"}],"predecessor-version":[{"id":738,"href":"https:\/\/www.cadre-romand.ch\/index.php\/wp-json\/wp\/v2\/posts\/734\/revisions\/738"}],"wp:attachment":[{"href":"https:\/\/www.cadre-romand.ch\/index.php\/wp-json\/wp\/v2\/media?parent=734"}],"wp:term":[{"taxonomy":"category","embeddable":true,"href":"https:\/\/www.cadre-romand.ch\/index.php\/wp-json\/wp\/v2\/categories?post=734"},{"taxonomy":"post_tag","embeddable":true,"href":"https:\/\/www.cadre-romand.ch\/index.php\/wp-json\/wp\/v2\/tags?post=734"}],"curies":[{"name":"wp","href":"https:\/\/api.w.org\/{rel}","templated":true}]}}