{"id":722,"date":"2024-05-13T22:41:21","date_gmt":"2024-05-13T20:41:21","guid":{"rendered":"https:\/\/www.cadre-romand.ch\/?p=722"},"modified":"2024-05-13T22:52:56","modified_gmt":"2024-05-13T20:52:56","slug":"course-de-selection-moyenne-distance-et-sprint","status":"publish","type":"post","link":"https:\/\/www.cadre-romand.ch\/index.php\/2024\/05\/13\/course-de-selection-moyenne-distance-et-sprint\/","title":{"rendered":"Course de s\u00e9lection moyenne distance et sprint"},"content":{"rendered":"\n<p>Ce week-end \u00e0 eu lieu le deuxi\u00e8me week-end de courses de s\u00e9lection pour le championnat d\u2019Europe (EYOC) et pour les championnats du monde junior (JWOC).<\/p>\n<p>Le samedi matin nous nous sommes tous retrouv\u00e9s au centre de course de Einsiedeln pour moyenne distance. Apr\u00e8s 30min de bus, nous sommes arriv\u00e9s sur la carte de Hoch-Ybrig, dans un terrain pr\u00e9alpin exigeant tant physiquement que techniquement, avec beaucoup de petites rivi\u00e8res, un peu de vert et surtout une grande pente. Nous avons eu au sein du cadre de tr\u00e8s bons r\u00e9sultats, avec notamment une 3\u00e8me place pour Jules (H16), et un tripl\u00e9 du cadre romand en H18 avec Jonas (3\u00e8me), Lo\u00efc (2\u00e8me) et Matthieu (1<sup>er<\/sup>). Les entra\u00eeneurs ont \u00e9galement contribu\u00e9 \u00e0 ce tr\u00e8s bon r\u00e9sultat collectif avec une 2\u00e8me place en HE pour T\u00e9rence. Bravo a eux!<\/p>\n<p>Apr\u00e8s la course, nous nous sommes d\u00e9plac\u00e9s en train en direction d&rsquo;Oberarth pour y passer la nuit. Apr\u00e8s le repas, nous avons fait une derni\u00e8re pr\u00e9paration pour la SPM (championnats suisse de sprint en ville), et sommes all\u00e9s nous coucher. Le lendemain nous nous sommes lev\u00e9s (tr\u00e8s) t\u00f4t pour prendre le train \u00e0 7h15 et nous rendre dans la quarantaine qui \u00e9tait situ\u00e9e dans l&rsquo;enceinte de la tr\u00e8s impressionnante Abbaye d&rsquo;Einsiedeln. La SPM a eu lieu dans Einsiedeln, une carte oscillant entre des parties relativement rapides et un centre-ville plus technique. Cette course a \u00e9galement souri aux membres du cadre romand. On peut relever notamment le double de Lo\u00efc (2\u00e8me) et Matthieu (1er) en H18.<\/p>\n<p>Il n&rsquo;y a d\u00e9sormais plus qu&rsquo;a attendre les s\u00e9lections pour les EYOC et les JWOC!<\/p>\n<p>Bravo a tout le monde et bonne r\u00e9cup&rsquo; !!!!<\/p>\n<p>Robin<\/p>\n<p>Moyenne distance: <span style=\"text-decoration: underline;\"><a href=\"https:\/\/www.o-l.ch\/cgi-bin\/results?rl_id=7380\" target=\"_blank\" rel=\"noopener\">r\u00e9sultats<\/a><\/span>, <a href=\"https:\/\/www.livelox.com\/Events\/Show\/127546\/4-Nationaler-OL\" target=\"_blank\" rel=\"noopener\"><span style=\"text-decoration: underline;\">GPS<\/span><\/a><br \/>Sprint: <span style=\"text-decoration: underline;\"><a href=\"https:\/\/www.o-l.ch\/cgi-bin\/results?rl_id=7381\" target=\"_blank\" rel=\"noopener\">r\u00e9sultats<\/a><\/span>, <a href=\"https:\/\/www.livelox.com\/Events\/Show\/127547\/Schweizer-Sprint-Meisterschaft\" target=\"_blank\" rel=\"noopener\"><span style=\"text-decoration: underline;\">GPS<\/span><\/a><\/p>\n<p><img loading=\"lazy\" decoding=\"async\" class=\"alignnone  wp-image-725\" src=\"https:\/\/www.cadre-romand.ch\/wp-content\/uploads\/2024\/05\/2024_CdS2-1-300x200.jpg\" alt=\"\" width=\"419\" height=\"279\" srcset=\"https:\/\/www.cadre-romand.ch\/wp-content\/uploads\/2024\/05\/2024_CdS2-1-300x200.jpg 300w, https:\/\/www.cadre-romand.ch\/wp-content\/uploads\/2024\/05\/2024_CdS2-1-1024x682.jpg 1024w, https:\/\/www.cadre-romand.ch\/wp-content\/uploads\/2024\/05\/2024_CdS2-1-768x511.jpg 768w, https:\/\/www.cadre-romand.ch\/wp-content\/uploads\/2024\/05\/2024_CdS2-1-100x67.jpg 100w, https:\/\/www.cadre-romand.ch\/wp-content\/uploads\/2024\/05\/2024_CdS2-1-150x100.jpg 150w, https:\/\/www.cadre-romand.ch\/wp-content\/uploads\/2024\/05\/2024_CdS2-1-200x133.jpg 200w, https:\/\/www.cadre-romand.ch\/wp-content\/uploads\/2024\/05\/2024_CdS2-1-450x300.jpg 450w, https:\/\/www.cadre-romand.ch\/wp-content\/uploads\/2024\/05\/2024_CdS2-1-600x399.jpg 600w, https:\/\/www.cadre-romand.ch\/wp-content\/uploads\/2024\/05\/2024_CdS2-1-900x599.jpg 900w, https:\/\/www.cadre-romand.ch\/wp-content\/uploads\/2024\/05\/2024_CdS2-1.jpg 1188w\" sizes=\"auto, (max-width: 419px) 100vw, 419px\" \/><\/p>\n<p><img loading=\"lazy\" decoding=\"async\" class=\"alignnone  wp-image-724\" src=\"https:\/\/www.cadre-romand.ch\/wp-content\/uploads\/2024\/05\/2024_CdS2-2-300x200.jpg\" alt=\"\" width=\"419\" height=\"279\" srcset=\"https:\/\/www.cadre-romand.ch\/wp-content\/uploads\/2024\/05\/2024_CdS2-2-300x200.jpg 300w, https:\/\/www.cadre-romand.ch\/wp-content\/uploads\/2024\/05\/2024_CdS2-2-1024x681.jpg 1024w, https:\/\/www.cadre-romand.ch\/wp-content\/uploads\/2024\/05\/2024_CdS2-2-768x511.jpg 768w, https:\/\/www.cadre-romand.ch\/wp-content\/uploads\/2024\/05\/2024_CdS2-2-100x67.jpg 100w, https:\/\/www.cadre-romand.ch\/wp-content\/uploads\/2024\/05\/2024_CdS2-2-150x100.jpg 150w, https:\/\/www.cadre-romand.ch\/wp-content\/uploads\/2024\/05\/2024_CdS2-2-200x133.jpg 200w, https:\/\/www.cadre-romand.ch\/wp-content\/uploads\/2024\/05\/2024_CdS2-2-450x299.jpg 450w, https:\/\/www.cadre-romand.ch\/wp-content\/uploads\/2024\/05\/2024_CdS2-2-600x399.jpg 600w, https:\/\/www.cadre-romand.ch\/wp-content\/uploads\/2024\/05\/2024_CdS2-2-900x599.jpg 900w, https:\/\/www.cadre-romand.ch\/wp-content\/uploads\/2024\/05\/2024_CdS2-2.jpg 1198w\" sizes=\"auto, (max-width: 419px) 100vw, 419px\" \/><\/p>\n","protected":false},"excerpt":{"rendered":"<p>Ce week-end \u00e0 eu lieu le deuxi\u00e8me week-end de courses de s\u00e9lection pour le championnat d\u2019Europe (EYOC) et pour les championnats du monde junior (JWOC). Le samedi matin nous nous sommes tous retrouv\u00e9s au centre de course de Einsiedeln pour &hellip;<\/p>\n<p class=\"read-more\"> <a class=\"more-link\" href=\"https:\/\/www.cadre-romand.ch\/index.php\/2024\/05\/13\/course-de-selection-moyenne-distance-et-sprint\/\"> <span class=\"screen-reader-text\">Course de s\u00e9lection moyenne distance et sprint<\/span> Read More &raquo;<\/a><\/p>\n","protected":false},"author":2,"featured_media":0,"comment_status":"closed","ping_status":"closed","sticky":false,"template":"","format":"standard","meta":{"footnotes":""},"categories":[1],"tags":[],"class_list":["post-722","post","type-post","status-publish","format-standard","hentry","category-tous"],"_links":{"self":[{"href":"https:\/\/www.cadre-romand.ch\/index.php\/wp-json\/wp\/v2\/posts\/722","targetHints":{"allow":["GET"]}}],"collection":[{"href":"https:\/\/www.cadre-romand.ch\/index.php\/wp-json\/wp\/v2\/posts"}],"about":[{"href":"https:\/\/www.cadre-romand.ch\/index.php\/wp-json\/wp\/v2\/types\/post"}],"author":[{"embeddable":true,"href":"https:\/\/www.cadre-romand.ch\/index.php\/wp-json\/wp\/v2\/users\/2"}],"replies":[{"embeddable":true,"href":"https:\/\/www.cadre-romand.ch\/index.php\/wp-json\/wp\/v2\/comments?post=722"}],"version-history":[{"count":4,"href":"https:\/\/www.cadre-romand.ch\/index.php\/wp-json\/wp\/v2\/posts\/722\/revisions"}],"predecessor-version":[{"id":732,"href":"https:\/\/www.cadre-romand.ch\/index.php\/wp-json\/wp\/v2\/posts\/722\/revisions\/732"}],"wp:attachment":[{"href":"https:\/\/www.cadre-romand.ch\/index.php\/wp-json\/wp\/v2\/media?parent=722"}],"wp:term":[{"taxonomy":"category","embeddable":true,"href":"https:\/\/www.cadre-romand.ch\/index.php\/wp-json\/wp\/v2\/categories?post=722"},{"taxonomy":"post_tag","embeddable":true,"href":"https:\/\/www.cadre-romand.ch\/index.php\/wp-json\/wp\/v2\/tags?post=722"}],"curies":[{"name":"wp","href":"https:\/\/api.w.org\/{rel}","templated":true}]}}