{"id":519,"date":"2022-09-12T21:50:26","date_gmt":"2022-09-12T19:50:26","guid":{"rendered":"https:\/\/www.cadre-romand.ch\/?p=519"},"modified":"2022-09-12T21:50:54","modified_gmt":"2022-09-12T19:50:54","slug":"jugendcup-2022","status":"publish","type":"post","link":"https:\/\/www.cadre-romand.ch\/index.php\/2022\/09\/12\/jugendcup-2022\/","title":{"rendered":"Jugendcup 2022"},"content":{"rendered":"\n<p>Comme chaque ann\u00e9e, nous nous sommes d\u00e9guis\u00e9s lors du weekend de la Jugendcup, une comp\u00e9tition entre tous les cadres r\u00e9gionaux de la Suisse. Cette ann\u00e9e, les entraineurs \u00e9taient des gardiens de prisonniers et les athl\u00e8tes se sont habill\u00e9s en prisonniers en combinaison orange. Notre Motto pour les courses \u00e9tait donc\u00a0: \u00ab\u00a0Orange is the new gold\u00a0\u00bb.<\/p>\n<p>Samedi matin nous nous sommes mis en route pour nous rendre \u00e0 B\u00e2le pour un relais \u00e0 quatre coureurs, compos\u00e9 d\u2019un coureur de chaque cat\u00e9gorie (DH14, DH16, DH18, DH20). Il y avait un relais pour les femmes et un pour les hommes. Notre cadre avait un relais de femmes et trois des hommes et c\u2019est Margaux, Heather, Justine, In\u00e8s, Jules, Lo\u00efc, Matthieu et Simon qui ont couru dans les premiers relais et qui ont donc repr\u00e9sent\u00e9 le Cadre Romand.<\/p>\n<p>Le relais fut int\u00e9ressant \u00e0 suivre avec de nombreux changements dans le classement, surtout apr\u00e8s le passage de spectateurs quand les courses sont entr\u00e9es dans une partie tr\u00e8s technique avec beaucoup de falaises et de cailloux. La Jugendcup a bien commenc\u00e9 avec la victoire du Cadre Romand dans le relais des hommes. Matthieu a fait le d\u00e9part avec les H18, Jules a couru la deuxi\u00e8me distance et a pass\u00e9 \u00e0 Simon qui a couru la distance la plus longue. Lo\u00efc a fait la fin et avec une super course et a pu assurer la victoire.<\/p>\n<p>Dimanche, nous avons couru une course individuelle qui comptait aussi pour la Jugendcup et qui \u00e9tait en m\u00eame temps une course nationale. Le Cadre Romand a fait des bons r\u00e9sultats surtout avec quatre podiums pour Justine, In\u00e8s, Lo\u00efc et Matthieu (qui a m\u00eame gagn\u00e9 avec une grande avance contre des coureurs plus \u00e2g\u00e9s de H18). Il y a m\u00eame eu deux doubl\u00e9s avec Matthieu et Florian dans la cat\u00e9gorie H18 ainsi que In\u00e8s et Alina dans la cat\u00e9gorie D20. Finalement les Zurichois ont clairement gagn\u00e9 le classement total de cette Jugendcup. Le Cadre Romand a juste manqu\u00e9 le podium mais nous pouvons quand-m\u00eame \u00eatre tr\u00e8s content avec une quatri\u00e8me place, nous avons m\u00eame battu les Bernois\u00a0!<\/p>\n<p>Elias &amp; Maximilian<\/p>\n\n\n\n<figure class=\"wp-block-image size-full is-resized\"><img loading=\"lazy\" decoding=\"async\" src=\"https:\/\/www.cadre-romand.ch\/wp-content\/uploads\/2022\/09\/2022_JC1.jpg\" alt=\"\" class=\"wp-image-521\" width=\"691\" height=\"518\" srcset=\"https:\/\/www.cadre-romand.ch\/wp-content\/uploads\/2022\/09\/2022_JC1.jpg 508w, https:\/\/www.cadre-romand.ch\/wp-content\/uploads\/2022\/09\/2022_JC1-300x225.jpg 300w, https:\/\/www.cadre-romand.ch\/wp-content\/uploads\/2022\/09\/2022_JC1-100x75.jpg 100w, https:\/\/www.cadre-romand.ch\/wp-content\/uploads\/2022\/09\/2022_JC1-150x113.jpg 150w, https:\/\/www.cadre-romand.ch\/wp-content\/uploads\/2022\/09\/2022_JC1-200x150.jpg 200w, https:\/\/www.cadre-romand.ch\/wp-content\/uploads\/2022\/09\/2022_JC1-450x338.jpg 450w\" sizes=\"auto, (max-width: 691px) 100vw, 691px\" \/><\/figure>\n\n\n\n<figure class=\"wp-block-image size-large is-resized\"><img loading=\"lazy\" decoding=\"async\" src=\"https:\/\/www.cadre-romand.ch\/wp-content\/uploads\/2022\/09\/2022_JC2-1024x769.jpg\" alt=\"\" class=\"wp-image-522\" width=\"682\" height=\"511\" srcset=\"https:\/\/www.cadre-romand.ch\/wp-content\/uploads\/2022\/09\/2022_JC2-1024x769.jpg 1024w, https:\/\/www.cadre-romand.ch\/wp-content\/uploads\/2022\/09\/2022_JC2-300x225.jpg 300w, https:\/\/www.cadre-romand.ch\/wp-content\/uploads\/2022\/09\/2022_JC2-768x577.jpg 768w, https:\/\/www.cadre-romand.ch\/wp-content\/uploads\/2022\/09\/2022_JC2-100x75.jpg 100w, https:\/\/www.cadre-romand.ch\/wp-content\/uploads\/2022\/09\/2022_JC2-150x113.jpg 150w, https:\/\/www.cadre-romand.ch\/wp-content\/uploads\/2022\/09\/2022_JC2-200x150.jpg 200w, https:\/\/www.cadre-romand.ch\/wp-content\/uploads\/2022\/09\/2022_JC2-450x338.jpg 450w, https:\/\/www.cadre-romand.ch\/wp-content\/uploads\/2022\/09\/2022_JC2-600x450.jpg 600w, https:\/\/www.cadre-romand.ch\/wp-content\/uploads\/2022\/09\/2022_JC2-900x676.jpg 900w, https:\/\/www.cadre-romand.ch\/wp-content\/uploads\/2022\/09\/2022_JC2.jpg 1111w\" sizes=\"auto, (max-width: 682px) 100vw, 682px\" \/><\/figure>\n\n\n\n<figure class=\"wp-block-image size-full is-resized\"><img loading=\"lazy\" decoding=\"async\" src=\"https:\/\/www.cadre-romand.ch\/wp-content\/uploads\/2022\/09\/2022_JC3.jpg\" alt=\"\" class=\"wp-image-520\" width=\"678\" height=\"508\" srcset=\"https:\/\/www.cadre-romand.ch\/wp-content\/uploads\/2022\/09\/2022_JC3.jpg 539w, https:\/\/www.cadre-romand.ch\/wp-content\/uploads\/2022\/09\/2022_JC3-300x225.jpg 300w, https:\/\/www.cadre-romand.ch\/wp-content\/uploads\/2022\/09\/2022_JC3-100x75.jpg 100w, https:\/\/www.cadre-romand.ch\/wp-content\/uploads\/2022\/09\/2022_JC3-150x112.jpg 150w, https:\/\/www.cadre-romand.ch\/wp-content\/uploads\/2022\/09\/2022_JC3-200x150.jpg 200w, https:\/\/www.cadre-romand.ch\/wp-content\/uploads\/2022\/09\/2022_JC3-450x337.jpg 450w\" sizes=\"auto, (max-width: 678px) 100vw, 678px\" \/><\/figure>\n","protected":false},"excerpt":{"rendered":"<p>Comme chaque ann\u00e9e, nous nous sommes d\u00e9guis\u00e9s lors du weekend de la Jugendcup, une comp\u00e9tition entre tous les cadres r\u00e9gionaux de la Suisse. Cette ann\u00e9e, les entraineurs \u00e9taient des gardiens de prisonniers et les athl\u00e8tes se sont habill\u00e9s en prisonniers &hellip;<\/p>\n<p class=\"read-more\"> <a class=\"more-link\" href=\"https:\/\/www.cadre-romand.ch\/index.php\/2022\/09\/12\/jugendcup-2022\/\"> <span class=\"screen-reader-text\">Jugendcup 2022<\/span> Read More &raquo;<\/a><\/p>\n","protected":false},"author":2,"featured_media":0,"comment_status":"closed","ping_status":"closed","sticky":false,"template":"","format":"standard","meta":{"footnotes":""},"categories":[1],"tags":[],"class_list":["post-519","post","type-post","status-publish","format-standard","hentry","category-tous"],"_links":{"self":[{"href":"https:\/\/www.cadre-romand.ch\/index.php\/wp-json\/wp\/v2\/posts\/519","targetHints":{"allow":["GET"]}}],"collection":[{"href":"https:\/\/www.cadre-romand.ch\/index.php\/wp-json\/wp\/v2\/posts"}],"about":[{"href":"https:\/\/www.cadre-romand.ch\/index.php\/wp-json\/wp\/v2\/types\/post"}],"author":[{"embeddable":true,"href":"https:\/\/www.cadre-romand.ch\/index.php\/wp-json\/wp\/v2\/users\/2"}],"replies":[{"embeddable":true,"href":"https:\/\/www.cadre-romand.ch\/index.php\/wp-json\/wp\/v2\/comments?post=519"}],"version-history":[{"count":2,"href":"https:\/\/www.cadre-romand.ch\/index.php\/wp-json\/wp\/v2\/posts\/519\/revisions"}],"predecessor-version":[{"id":524,"href":"https:\/\/www.cadre-romand.ch\/index.php\/wp-json\/wp\/v2\/posts\/519\/revisions\/524"}],"wp:attachment":[{"href":"https:\/\/www.cadre-romand.ch\/index.php\/wp-json\/wp\/v2\/media?parent=519"}],"wp:term":[{"taxonomy":"category","embeddable":true,"href":"https:\/\/www.cadre-romand.ch\/index.php\/wp-json\/wp\/v2\/categories?post=519"},{"taxonomy":"post_tag","embeddable":true,"href":"https:\/\/www.cadre-romand.ch\/index.php\/wp-json\/wp\/v2\/tags?post=519"}],"curies":[{"name":"wp","href":"https:\/\/api.w.org\/{rel}","templated":true}]}}