{"id":503,"date":"2022-05-26T00:10:15","date_gmt":"2022-05-25T22:10:15","guid":{"rendered":"https:\/\/www.cadre-romand.ch\/?p=503"},"modified":"2022-05-26T00:10:16","modified_gmt":"2022-05-25T22:10:16","slug":"courses-de-selection-pt-1","status":"publish","type":"post","link":"https:\/\/www.cadre-romand.ch\/index.php\/2022\/05\/26\/courses-de-selection-pt-1\/","title":{"rendered":"Courses de s\u00e9lection, pt. 1"},"content":{"rendered":"\n<p>Lors du week-end du 14 au 15 mai ont eu lieu les courses de s\u00e9lection aux rousses, dans le Jura fran\u00e7ais. Le premier jour il y avait la middle, le terrain \u00e9tait technique mais tr\u00e8s courable et sympathique.<\/p>\n<p>Il y a eu de tr\u00e8s bons r\u00e9sultats du c\u00f4t\u00e9 du cadre romand: Heather High (D16) 8e, Alina Niggli (D20) 2e, Justine Hamel (D20) 12e, Matthieu B\u00fchrer (H16) 1er, Lo\u00efc Berger (H16) 2e, Jonas Vogel (H16) 5e, Simon Hamel (H20) 7e, Elias Schafer (H20) 8e, Florian Nagel (H20) 11e.<\/p>\n<p>Apr\u00e8s cette middle, nous sommes all\u00e9s au logement, un abri PC de l&rsquo;abbaye. Apr\u00e8s avoir pos\u00e9 nos sacs, nous sommes all\u00e9s nous baigner au lac de Joux qui se situait \u00e0 2 minute de l&rsquo;h\u00e9bergement. Mais l\u2019eau \u00e9tant tr\u00e8s froide, nous n&rsquo;avons pas fait long&#8230; Apr\u00e8s un bon souper, nous sommes all\u00e9s jouer au foot dehors puis nous sommes all\u00e9s dormir pour \u00eatre en forme pour le lendemain.<\/p>\n<figure id=\"attachment_504\" aria-describedby=\"caption-attachment-504\" style=\"width: 300px\" class=\"wp-caption alignnone\"><img loading=\"lazy\" decoding=\"async\" class=\"size-medium wp-image-504\" src=\"https:\/\/www.cadre-romand.ch\/wp-content\/uploads\/2022\/05\/CdS22_01-300x286.png\" alt=\"\" width=\"300\" height=\"286\" srcset=\"https:\/\/www.cadre-romand.ch\/wp-content\/uploads\/2022\/05\/CdS22_01-300x286.png 300w, https:\/\/www.cadre-romand.ch\/wp-content\/uploads\/2022\/05\/CdS22_01-100x95.png 100w, https:\/\/www.cadre-romand.ch\/wp-content\/uploads\/2022\/05\/CdS22_01-150x143.png 150w, https:\/\/www.cadre-romand.ch\/wp-content\/uploads\/2022\/05\/CdS22_01-200x191.png 200w, https:\/\/www.cadre-romand.ch\/wp-content\/uploads\/2022\/05\/CdS22_01-450x430.png 450w, https:\/\/www.cadre-romand.ch\/wp-content\/uploads\/2022\/05\/CdS22_01.png 551w\" sizes=\"auto, (max-width: 300px) 100vw, 300px\" \/><figcaption id=\"caption-attachment-504\" class=\"wp-caption-text\">Middle distance<\/figcaption><\/figure>\n\n\n\n<p>Le dimanche matin, nous sommes repartis de notre h\u00e9bergement au lac du Joux pour nous rendre sur le lieu de la longue distance. Comme la veille, il faisait d\u00e9j\u00e0 tr\u00e8s chaud d\u00e8s le matin. Le parcours a mis au d\u00e9fi les coureurs avec des parcours techniques et physiques \u00e0 travers ce magnifique terrain.<\/p>\n<p>Certains orienteurs romands ont obtenu de tr\u00e8s bons r\u00e9sultats : Alina Niggli (D20) 3e, In\u00e8s Berger (D20) 8e, Justine Hamel (D20) 15e, Lo\u00efc Berger (H16) 1er, Matthieu B\u00fchrer (H16) 3e, Jonas Vogel (H16) 13e, Simon Hamel (20) 9e, Elias Schafer (H20) 15e, Jan Lauenstein (H20) 17e, Tobias Nagel (H20) 18e.<\/p>\n<p>Apr\u00e8s la longue distance, nous sommes rentr\u00e9s pour nous reposer et \u00eatre pr\u00eats pour le Gempenberglauf qui suivait. \ud83d\ude42<\/p>\n<figure id=\"attachment_505\" aria-describedby=\"caption-attachment-505\" style=\"width: 300px\" class=\"wp-caption alignnone\"><img loading=\"lazy\" decoding=\"async\" class=\"size-medium wp-image-505\" src=\"https:\/\/www.cadre-romand.ch\/wp-content\/uploads\/2022\/05\/CdS22_02-300x288.png\" alt=\"\" width=\"300\" height=\"288\" srcset=\"https:\/\/www.cadre-romand.ch\/wp-content\/uploads\/2022\/05\/CdS22_02-300x288.png 300w, https:\/\/www.cadre-romand.ch\/wp-content\/uploads\/2022\/05\/CdS22_02-100x96.png 100w, https:\/\/www.cadre-romand.ch\/wp-content\/uploads\/2022\/05\/CdS22_02-150x144.png 150w, https:\/\/www.cadre-romand.ch\/wp-content\/uploads\/2022\/05\/CdS22_02-200x192.png 200w, https:\/\/www.cadre-romand.ch\/wp-content\/uploads\/2022\/05\/CdS22_02-450x431.png 450w, https:\/\/www.cadre-romand.ch\/wp-content\/uploads\/2022\/05\/CdS22_02.png 553w\" sizes=\"auto, (max-width: 300px) 100vw, 300px\" \/><figcaption id=\"caption-attachment-505\" class=\"wp-caption-text\">Longue distance<\/figcaption><\/figure>\n<p>In\u00e8s vdB et Sarah<\/p>\n","protected":false},"excerpt":{"rendered":"<p>Lors du week-end du 14 au 15 mai ont eu lieu les courses de s\u00e9lection aux rousses, dans le Jura fran\u00e7ais. Le premier jour il y avait la middle, le terrain \u00e9tait technique mais tr\u00e8s courable et sympathique. Il y &hellip;<\/p>\n<p class=\"read-more\"> <a class=\"more-link\" href=\"https:\/\/www.cadre-romand.ch\/index.php\/2022\/05\/26\/courses-de-selection-pt-1\/\"> <span class=\"screen-reader-text\">Courses de s\u00e9lection, pt. 1<\/span> Read More &raquo;<\/a><\/p>\n","protected":false},"author":2,"featured_media":0,"comment_status":"closed","ping_status":"closed","sticky":false,"template":"","format":"standard","meta":{"footnotes":""},"categories":[1],"tags":[],"class_list":["post-503","post","type-post","status-publish","format-standard","hentry","category-tous"],"_links":{"self":[{"href":"https:\/\/www.cadre-romand.ch\/index.php\/wp-json\/wp\/v2\/posts\/503","targetHints":{"allow":["GET"]}}],"collection":[{"href":"https:\/\/www.cadre-romand.ch\/index.php\/wp-json\/wp\/v2\/posts"}],"about":[{"href":"https:\/\/www.cadre-romand.ch\/index.php\/wp-json\/wp\/v2\/types\/post"}],"author":[{"embeddable":true,"href":"https:\/\/www.cadre-romand.ch\/index.php\/wp-json\/wp\/v2\/users\/2"}],"replies":[{"embeddable":true,"href":"https:\/\/www.cadre-romand.ch\/index.php\/wp-json\/wp\/v2\/comments?post=503"}],"version-history":[{"count":1,"href":"https:\/\/www.cadre-romand.ch\/index.php\/wp-json\/wp\/v2\/posts\/503\/revisions"}],"predecessor-version":[{"id":506,"href":"https:\/\/www.cadre-romand.ch\/index.php\/wp-json\/wp\/v2\/posts\/503\/revisions\/506"}],"wp:attachment":[{"href":"https:\/\/www.cadre-romand.ch\/index.php\/wp-json\/wp\/v2\/media?parent=503"}],"wp:term":[{"taxonomy":"category","embeddable":true,"href":"https:\/\/www.cadre-romand.ch\/index.php\/wp-json\/wp\/v2\/categories?post=503"},{"taxonomy":"post_tag","embeddable":true,"href":"https:\/\/www.cadre-romand.ch\/index.php\/wp-json\/wp\/v2\/tags?post=503"}],"curies":[{"name":"wp","href":"https:\/\/api.w.org\/{rel}","templated":true}]}}