{"id":285,"date":"2020-09-18T16:44:34","date_gmt":"2020-09-18T14:44:34","guid":{"rendered":"http:\/\/www.cadre-romand.ch\/?p=285"},"modified":"2020-09-18T17:10:22","modified_gmt":"2020-09-18T15:10:22","slug":"des-conditions-diluviennes","status":"publish","type":"post","link":"https:\/\/www.cadre-romand.ch\/index.php\/2020\/09\/18\/des-conditions-diluviennes\/","title":{"rendered":"8e Nationale 2020 &#8211; Des conditions diluviennes"},"content":{"rendered":"\n<p>Le 30 ao\u00fbt a eu lieu la 8e Nationale \u00e0 Schwarzenberg, dans la campagne lucernoise dans des conditions tr\u00e8s particuli\u00e8res. Tout d&rsquo;abord, cette course lan\u00e7ait la saison nationale qui fut, une fois n&rsquo;est (esp\u00e9rons-le) pas coutume, retard\u00e9e de pr\u00e8s de 6 mois. L&rsquo;ambiance \u00e9tait particuli\u00e8re: pas de douches; des participants encourag\u00e9s \u00e0 rentrer d\u00e8s leur course termin\u00e9e; des vestiaires annonc\u00e9s comme inexistants, on a heureusement quand m\u00eame pu utiliser une salle de gym pour se changer; des cat\u00e9gories scind\u00e9es en deux groupes participant respectivement le matin et l&rsquo;apr\u00e8s midi. Il s&rsquo;agissait de revenir imm\u00e9diatement au meilleur de sa forme puisque cette course comptait comme s\u00e9lection pour les EYOC (entre-temps annul\u00e9s pour cause sanitaire et remplac\u00e9s par une comp\u00e9tition internationale r\u00e9unissant la Suisse, la France, l&rsquo;Italie et \u00e9ventuellement l&rsquo;Allemagne).<\/p>\n<p>De plus, la m\u00e9t\u00e9o nous a rendu la course inoubliable en douchant abondamment et\u00a0 indiff\u00e9remment coureurs et terrain. R\u00e9sultat: les pentes se sont transform\u00e9es en toboggans, les ruisseaux sont devenus des rivi\u00e8res et la rivi\u00e8re un torrent. En bref une course qui a pris des airs de Strongman Run plut\u00f4t que de CO.<\/p>\n<p>Ces conditions ont bien plus aux athl\u00e8tes du cadre romand puisqu&rsquo;ils sont au terme de cette journ\u00e9e 7 athl\u00e8tes \u00e0 \u00eatre dans le top 5, dont 3 victoires. Une performance extraordinaire qui promet une grosse d\u00e9l\u00e9gation de romands dans la s\u00e9l\u00e9ction qui disputera cet automne la comp\u00e9tition internationale remplacant les EYOC! Bravo \u00e0 tous pour ces magnifiques performances<\/p>\n<p>Paul<\/p>\n<p><a href=\"https:\/\/www.o-l.ch\/cgi-bin\/results?type=rang&amp;year=2020&amp;event=8.+Nationaler+OL+-+(Mitteldistanz)\">les r\u00e9sultats<\/a>\u00a0 &#8212;\u00a0 <a href=\"http:\/\/www.routegadget.ch\/binperl\/reitti.cgi?act=map&amp;id=355\">la carte<\/a><\/p>\n","protected":false},"excerpt":{"rendered":"<p>Le 30 ao\u00fbt a eu lieu la 8e Nationale \u00e0 Schwarzenberg, dans la campagne lucernoise dans des conditions tr\u00e8s particuli\u00e8res. Tout d&rsquo;abord, cette course lan\u00e7ait la saison nationale qui fut, une fois n&rsquo;est (esp\u00e9rons-le) pas coutume, retard\u00e9e de pr\u00e8s de &hellip;<\/p>\n<p class=\"read-more\"> <a class=\"more-link\" href=\"https:\/\/www.cadre-romand.ch\/index.php\/2020\/09\/18\/des-conditions-diluviennes\/\"> <span class=\"screen-reader-text\">8e Nationale 2020 &#8211; Des conditions diluviennes<\/span> Read More &raquo;<\/a><\/p>\n","protected":false},"author":2,"featured_media":0,"comment_status":"closed","ping_status":"closed","sticky":false,"template":"","format":"standard","meta":{"footnotes":""},"categories":[1],"tags":[],"class_list":["post-285","post","type-post","status-publish","format-standard","hentry","category-tous"],"_links":{"self":[{"href":"https:\/\/www.cadre-romand.ch\/index.php\/wp-json\/wp\/v2\/posts\/285","targetHints":{"allow":["GET"]}}],"collection":[{"href":"https:\/\/www.cadre-romand.ch\/index.php\/wp-json\/wp\/v2\/posts"}],"about":[{"href":"https:\/\/www.cadre-romand.ch\/index.php\/wp-json\/wp\/v2\/types\/post"}],"author":[{"embeddable":true,"href":"https:\/\/www.cadre-romand.ch\/index.php\/wp-json\/wp\/v2\/users\/2"}],"replies":[{"embeddable":true,"href":"https:\/\/www.cadre-romand.ch\/index.php\/wp-json\/wp\/v2\/comments?post=285"}],"version-history":[{"count":5,"href":"https:\/\/www.cadre-romand.ch\/index.php\/wp-json\/wp\/v2\/posts\/285\/revisions"}],"predecessor-version":[{"id":293,"href":"https:\/\/www.cadre-romand.ch\/index.php\/wp-json\/wp\/v2\/posts\/285\/revisions\/293"}],"wp:attachment":[{"href":"https:\/\/www.cadre-romand.ch\/index.php\/wp-json\/wp\/v2\/media?parent=285"}],"wp:term":[{"taxonomy":"category","embeddable":true,"href":"https:\/\/www.cadre-romand.ch\/index.php\/wp-json\/wp\/v2\/categories?post=285"},{"taxonomy":"post_tag","embeddable":true,"href":"https:\/\/www.cadre-romand.ch\/index.php\/wp-json\/wp\/v2\/tags?post=285"}],"curies":[{"name":"wp","href":"https:\/\/api.w.org\/{rel}","templated":true}]}}