{"id":283,"date":"2020-09-18T15:34:04","date_gmt":"2020-09-18T13:34:04","guid":{"rendered":"http:\/\/www.cadre-romand.ch\/?p=283"},"modified":"2020-09-18T23:15:26","modified_gmt":"2020-09-18T21:15:26","slug":"jugendcup","status":"publish","type":"post","link":"https:\/\/www.cadre-romand.ch\/index.php\/2020\/09\/18\/jugendcup\/","title":{"rendered":"Jugendcup"},"content":{"rendered":"\n<p>Le week-end du 22-23 ao\u00fbt 2020 a eu lieu la traditionnelle Coupe des Jeunes dans le canton d\u2019Argovie. Chaque cadre r\u00e9gional de la Suisse y participe et par tradition chaque cadre choisit un d\u00e9guisement avec un \u00ab&nbsp;motto&nbsp;\u00bb. Le cadre romand avait choisi les skaters du bitume.<\/p>\n\n\n\n<p>Nous avions de grande ambitions car nous devions d\u00e9fendre le titre remport\u00e9 par nous-m\u00eame l\u2019ann\u00e9e pass\u00e9e apr\u00e8s 31 ans de domination allemande. Nos \u00e9quipes reines \u00e9taient compos\u00e9es de Alina Niggli, Heather High, In\u00e8s Berger et Justine Hamel chez les filles ainsi que Simon Hamel, Lo\u00efc Berger, Jonas Soldini et Elias Schafer chez les gar\u00e7ons. De plus, deux \u00e9quipes suppl\u00e9mentaires repr\u00e9sentaient aussi le Cadre Romand.<\/p>\n\n\n\n<p>Le samedi a eu lieu le relais sous la pluie&nbsp;\ud83d\ude09. L\u2019\u00e9quipe des gar\u00e7ons termina a un bon 2<sup>\u00e8me<\/sup> rang malgr\u00e9 quelques p\u00e9pins durant la course. On soulignera la tr\u00e8s bonne 6<sup>\u00e8me<\/sup> place de la deuxi\u00e8me \u00e9quipe gar\u00e7on. L\u2019\u00e9quipe des filles termina elle au 6<sup>\u00e8me<\/sup> rang. Apr\u00e8s ce jour, on \u00e9tait en route pour un nouveau podium.<\/p>\n\n\n\n<p>Apr\u00e8s une bonne nuit de sommeil dans le centre sportif de Lenzburg, la course individuelle eut lieu. Chaque cat\u00e9gorie ram\u00e8ne des points \u00e0 son cadre respectif. Les Romands ont particuli\u00e8rement brill\u00e9 cette 2<sup>\u00e8me<\/sup> journ\u00e9e avec Justine Hamel (D16), Alina Niggli (D18) et Jonas Soldini (H20) qui ont obtenu le maximum de points dans leur cat\u00e9gorie. Finalement, le cadre romand \u00e9tait ex aequo avec le cadre argovien au niveau des points (97 points exactement). Mais la r\u00e8gle du temps des relais entra en compte et on termina finalement \u00e0 une frustrante mais bonne 2<sup>\u00e8me<\/sup> place.<\/p>\n\n\n\n<p>Quelle belle performance de se retrouver depuis 3 ans sur le podium&nbsp;avec un toujours de la bonne humeur&nbsp;\ud83d\ude42<\/p>\n\n\n\n<p>Jonas Soldini<\/p>\n\n\n\n<p><img loading=\"lazy\" decoding=\"async\" width=\"800\" height=\"533\" class=\"wp-image-297\" style=\"width: 800px;\" src=\"http:\/\/www.cadre-romand.ch\/wp-content\/uploads\/2020\/09\/2020-08-23-4587-scaled.jpg\" alt=\"\" srcset=\"https:\/\/www.cadre-romand.ch\/wp-content\/uploads\/2020\/09\/2020-08-23-4587-scaled.jpg 2560w, https:\/\/www.cadre-romand.ch\/wp-content\/uploads\/2020\/09\/2020-08-23-4587-300x200.jpg 300w, https:\/\/www.cadre-romand.ch\/wp-content\/uploads\/2020\/09\/2020-08-23-4587-1024x683.jpg 1024w, https:\/\/www.cadre-romand.ch\/wp-content\/uploads\/2020\/09\/2020-08-23-4587-768x512.jpg 768w, https:\/\/www.cadre-romand.ch\/wp-content\/uploads\/2020\/09\/2020-08-23-4587-1536x1024.jpg 1536w, https:\/\/www.cadre-romand.ch\/wp-content\/uploads\/2020\/09\/2020-08-23-4587-2048x1365.jpg 2048w, https:\/\/www.cadre-romand.ch\/wp-content\/uploads\/2020\/09\/2020-08-23-4587-100x67.jpg 100w, https:\/\/www.cadre-romand.ch\/wp-content\/uploads\/2020\/09\/2020-08-23-4587-150x100.jpg 150w, https:\/\/www.cadre-romand.ch\/wp-content\/uploads\/2020\/09\/2020-08-23-4587-200x133.jpg 200w, https:\/\/www.cadre-romand.ch\/wp-content\/uploads\/2020\/09\/2020-08-23-4587-450x300.jpg 450w, https:\/\/www.cadre-romand.ch\/wp-content\/uploads\/2020\/09\/2020-08-23-4587-600x400.jpg 600w, https:\/\/www.cadre-romand.ch\/wp-content\/uploads\/2020\/09\/2020-08-23-4587-900x600.jpg 900w\" sizes=\"auto, (max-width: 800px) 100vw, 800px\" \/><\/p>\n","protected":false},"excerpt":{"rendered":"<p>Le week-end du 22-23 ao\u00fbt 2020 a eu lieu la traditionnelle Coupe des Jeunes dans le canton d\u2019Argovie. Chaque cadre r\u00e9gional de la Suisse y participe et par tradition chaque cadre choisit un d\u00e9guisement avec un \u00ab&nbsp;motto&nbsp;\u00bb. Le cadre romand &hellip;<\/p>\n<p class=\"read-more\"> <a class=\"more-link\" href=\"https:\/\/www.cadre-romand.ch\/index.php\/2020\/09\/18\/jugendcup\/\"> <span class=\"screen-reader-text\">Jugendcup<\/span> Read More &raquo;<\/a><\/p>\n","protected":false},"author":2,"featured_media":0,"comment_status":"closed","ping_status":"closed","sticky":false,"template":"","format":"standard","meta":{"footnotes":""},"categories":[1],"tags":[],"class_list":["post-283","post","type-post","status-publish","format-standard","hentry","category-tous"],"_links":{"self":[{"href":"https:\/\/www.cadre-romand.ch\/index.php\/wp-json\/wp\/v2\/posts\/283","targetHints":{"allow":["GET"]}}],"collection":[{"href":"https:\/\/www.cadre-romand.ch\/index.php\/wp-json\/wp\/v2\/posts"}],"about":[{"href":"https:\/\/www.cadre-romand.ch\/index.php\/wp-json\/wp\/v2\/types\/post"}],"author":[{"embeddable":true,"href":"https:\/\/www.cadre-romand.ch\/index.php\/wp-json\/wp\/v2\/users\/2"}],"replies":[{"embeddable":true,"href":"https:\/\/www.cadre-romand.ch\/index.php\/wp-json\/wp\/v2\/comments?post=283"}],"version-history":[{"count":5,"href":"https:\/\/www.cadre-romand.ch\/index.php\/wp-json\/wp\/v2\/posts\/283\/revisions"}],"predecessor-version":[{"id":300,"href":"https:\/\/www.cadre-romand.ch\/index.php\/wp-json\/wp\/v2\/posts\/283\/revisions\/300"}],"wp:attachment":[{"href":"https:\/\/www.cadre-romand.ch\/index.php\/wp-json\/wp\/v2\/media?parent=283"}],"wp:term":[{"taxonomy":"category","embeddable":true,"href":"https:\/\/www.cadre-romand.ch\/index.php\/wp-json\/wp\/v2\/categories?post=283"},{"taxonomy":"post_tag","embeddable":true,"href":"https:\/\/www.cadre-romand.ch\/index.php\/wp-json\/wp\/v2\/tags?post=283"}],"curies":[{"name":"wp","href":"https:\/\/api.w.org\/{rel}","templated":true}]}}