{"id":273,"date":"2020-08-20T12:55:50","date_gmt":"2020-08-20T10:55:50","guid":{"rendered":"http:\/\/www.cadre-romand.ch\/?p=273"},"modified":"2020-08-20T12:58:14","modified_gmt":"2020-08-20T10:58:14","slug":"camp-dete-en-valais","status":"publish","type":"post","link":"https:\/\/www.cadre-romand.ch\/index.php\/2020\/08\/20\/camp-dete-en-valais\/","title":{"rendered":"Camp d&rsquo;\u00e9t\u00e9 en Valais"},"content":{"rendered":"\n<p><strong>Cette ann\u00e9e, le cadre romand est all\u00e9 en Valais pour son camp d&rsquo;\u00e9t\u00e9. Une occasion de (re)d\u00e9couvrir ces terrains extraordinaires finalement proches de chez nous mais tout de m\u00eame peu connus.<\/strong><\/p>\n<p>Apr\u00e8s un long trajet, nous nous sommes retrouv\u00e9s au col du Lein. Une fois chang\u00e9s, nous sommes partis les uns apr\u00e8s les autres pour un entra\u00eenement tranquille pour bien d\u00e9buter le camp. D\u00e8s que la derni\u00e8re personne fut arriv\u00e9e, nous avons entamer le premier pique-nique de cette semaine. Apr\u00e8s le pique-nique, nous nous sommes dirig\u00e9s vers le col des planches pour le deuxi\u00e8me entrainement qui \u00e9tait fort sympathique. Nous sommes ensuite aller \u00e0 Finhaut pour trouver le logement dans lequel nous allions passer deux nuits. Malgr\u00e9 l&rsquo;eau contenant un taux trop \u00e9lev\u00e9 d&rsquo;arsenic, celui-ci \u00e9tait tr\u00e8s bien.<\/p>\n<p>Le lendemain matin a commenc\u00e9 avec des ateliers variants de \u00ab\u00a0control picking\u00a0\u00bb, \u00ab\u00a0long legs\u00a0\u00bb et \u00ab\u00a0Follow the line\u00a0\u00bb.&nbsp;Le terrain de Finhaut \u00e9tait magnifique avec beaucoup de falaises ; peu de chemins ; une foret mi-ouverte ; tout \u00e7a sur une pente tr\u00e8s raide. \u00c0 midi nous avons parl\u00e9 de notre concept de faute. La course du soir \u00e9tait de nuit, mais, seul les plus motiv\u00e9s l&rsquo;ont faite de nuit.&nbsp; Le parcours \u00e9tait tr\u00e8s technique et demandait beaucoup de concentration.&nbsp; Le soir, nous avons mang\u00e9 de la pizza et c&rsquo;\u00e9tait d\u00e9licieux ! Ceux qui ont fait la course de nuit sont rentr\u00e9s tard mais contents !<\/p>\n<p>Apr\u00e8s une bonne nuit de sommeil, nous avons commenc\u00e9 \u00e0 nettoyer le logement afin de rendre les cl\u00e9s \u00e0 la propri\u00e9taire. Une fois redescendus dans la vall\u00e9e nous avons pu faire un sprint en ville \u00e0 Fully trac\u00e9 par St\u00e9phane qui \u00e9tait tr\u00e8s int\u00e9ressant malgr\u00e9 la chaleur. Apr\u00e8s avoir mang\u00e9, nous sommes all\u00e9s jusqu&rsquo;\u00e0 Thyon o\u00f9 nous avons fait un entrainement downhill comportant deux parcours de plus de 500m de d\u00e9nivel\u00e9s n\u00e9gatifs. Apr\u00e8s \u00e7a, nous sommes all\u00e9s jusqu&rsquo;au nouveau logement \u00e0 Gr\u00e4chen o\u00f9 nous allions passer la fin du camp.<\/p>\n<p>Mardi, nous avons fait une longue distance \u00e0 Saas Fee.&nbsp;Mais avant \u00e7a, nous avons eu une pr\u00e9sentation de la marque Sponser qui est notre partenaire cette ann\u00e9e. Le terrain variait d\u2019ouvert et plat, \u00e0 tr\u00e8s vert et pentu. Il y avait aussi quelques cailloux dans les zones ouvertes.&nbsp; La course \u00e9tait tr\u00e8s bien planifi\u00e9e, avec de bons choix de cheminements.<\/p>\n<p>Mercredi, nous sommes all\u00e9s \u00e0 Zermatt. Le matin, nous avons eu la chance de pouvoir faire un entra\u00eenement \u00e0 Trockener-Steg o\u00f9 nous avions une superbe vue sur le Cervin. Le terrain l\u00e0-bas \u00e9tait magnifique et technique. Apr\u00e8s avoir mang\u00e9, nous sommes redescendus en t\u00e9l\u00e9cabine jusqu&rsquo;\u00e0 Furi, o\u00f9 nous avons fait l&rsquo;entra\u00eenement de l&rsquo;apr\u00e8s-midi. Ce dernier etait tr\u00e8s int\u00e9ressant. Nous avons eu la chance de finir juste avant le d\u00e9but de l&rsquo;orage mais, malheureusement, Paul a pris un peu trop de temps pour d\u00e9poser les postes.<\/p>\n<p>Jeudi, nous sommes all\u00e9s \u00e0 Moosalp. Les terrains de Moosalp sont pentus, avec de d\u00e9tails tels des bosses, des cailloux et des rentrants. Il y a aussi beaucoup de myrtilles. L&rsquo;entrainement que l&rsquo;on faisait \u00e9tait une Partner-OL&nbsp;: un coureur avec une carte et l&rsquo;autre sans. C&rsquo;\u00e9tait tr\u00e8s amusant et aussi tr\u00e8s int\u00e9ressant. L&rsquo;apr\u00e8s-midi, nous avons couru dans les terrains semblables d&rsquo;Eggwald. L&rsquo;exercice que nous avons d\u00fb faire \u00e9tait le suivant&nbsp;: l&rsquo;entraineur nous emmenait dans la for\u00eat sans nos cartes, ensuite il nous les redonnait et on devrait se relocaliser et faire un mini-parcours Le soir nous sommes all\u00e9s \u00e0 Brigerbad. Il y avait tellement de choses \u00e0 tester&nbsp;: le toboggan, les bains thermaux, la rivi\u00e8re, m\u00eame des falaises pour sauter !&nbsp;Tour le monde s&rsquo;est amus\u00e9, y compris les entraineurs.<\/p>\n<p>Vendredi, pour bien cl\u00f4turer cette belle semaine d&rsquo;entra\u00eenements, nous sommes all\u00e9s \u00e0 Illgraben pour faire un relais \u00e0 deux. Une fois celui-ci termin\u00e9, nous avons mang\u00e9 puis pris la route jusqu&rsquo;\u00e0 chez nous.<\/p>\n<p>Merci beaucoup \u00e0 tous nos entraineurs pour cette super semaine, tous leurs conseils et leur soutien. Les terrains du Valais \u00e9taient magnifiques, et on a pu apprendre plein de choses dans ces terrains tr\u00e8s int\u00e9ressants.&nbsp;Merci aussi \u00e0 Stiftung OL Schweiz pour leur soutien.<\/p>\n<p>Heather et S\u00e9bastien<\/p>\n<figure id=\"attachment_275\" aria-describedby=\"caption-attachment-275\" style=\"width: 300px\" class=\"wp-caption alignnone\"><img loading=\"lazy\" decoding=\"async\" class=\"size-medium wp-image-275\" src=\"http:\/\/www.cadre-romand.ch\/wp-content\/uploads\/2020\/08\/IMG_5305-300x298.jpg\" alt=\"\" width=\"300\" height=\"298\" srcset=\"https:\/\/www.cadre-romand.ch\/wp-content\/uploads\/2020\/08\/IMG_5305-300x298.jpg 300w, https:\/\/www.cadre-romand.ch\/wp-content\/uploads\/2020\/08\/IMG_5305-1024x1017.jpg 1024w, https:\/\/www.cadre-romand.ch\/wp-content\/uploads\/2020\/08\/IMG_5305-150x149.jpg 150w, https:\/\/www.cadre-romand.ch\/wp-content\/uploads\/2020\/08\/IMG_5305-768x763.jpg 768w, https:\/\/www.cadre-romand.ch\/wp-content\/uploads\/2020\/08\/IMG_5305-1536x1526.jpg 1536w, https:\/\/www.cadre-romand.ch\/wp-content\/uploads\/2020\/08\/IMG_5305-2048x2034.jpg 2048w, https:\/\/www.cadre-romand.ch\/wp-content\/uploads\/2020\/08\/IMG_5305-100x99.jpg 100w, https:\/\/www.cadre-romand.ch\/wp-content\/uploads\/2020\/08\/IMG_5305-200x199.jpg 200w, https:\/\/www.cadre-romand.ch\/wp-content\/uploads\/2020\/08\/IMG_5305-450x447.jpg 450w, https:\/\/www.cadre-romand.ch\/wp-content\/uploads\/2020\/08\/IMG_5305-600x596.jpg 600w, https:\/\/www.cadre-romand.ch\/wp-content\/uploads\/2020\/08\/IMG_5305-900x894.jpg 900w\" sizes=\"auto, (max-width: 300px) 100vw, 300px\" \/><figcaption id=\"caption-attachment-275\" class=\"wp-caption-text\">Toute l&rsquo;\u00e9quipe \u00e0 Trockener Steg<\/figcaption><\/figure>\n<figure id=\"attachment_274\" aria-describedby=\"caption-attachment-274\" style=\"width: 300px\" class=\"wp-caption alignleft\"><img loading=\"lazy\" decoding=\"async\" class=\"size-medium wp-image-274\" src=\"http:\/\/www.cadre-romand.ch\/wp-content\/uploads\/2020\/08\/TrockenerSteg-300x291.jpg\" alt=\"\" width=\"300\" height=\"291\" srcset=\"https:\/\/www.cadre-romand.ch\/wp-content\/uploads\/2020\/08\/TrockenerSteg-300x291.jpg 300w, https:\/\/www.cadre-romand.ch\/wp-content\/uploads\/2020\/08\/TrockenerSteg-100x97.jpg 100w, https:\/\/www.cadre-romand.ch\/wp-content\/uploads\/2020\/08\/TrockenerSteg-150x146.jpg 150w, https:\/\/www.cadre-romand.ch\/wp-content\/uploads\/2020\/08\/TrockenerSteg-200x194.jpg 200w, https:\/\/www.cadre-romand.ch\/wp-content\/uploads\/2020\/08\/TrockenerSteg-450x437.jpg 450w, https:\/\/www.cadre-romand.ch\/wp-content\/uploads\/2020\/08\/TrockenerSteg-600x583.jpg 600w, https:\/\/www.cadre-romand.ch\/wp-content\/uploads\/2020\/08\/TrockenerSteg.jpg 740w\" sizes=\"auto, (max-width: 300px) 100vw, 300px\" \/><figcaption id=\"caption-attachment-274\" class=\"wp-caption-text\">Extrait de la carte de Trockener Steg<\/figcaption><\/figure>\n","protected":false},"excerpt":{"rendered":"<p>Cette ann\u00e9e, le cadre romand est all\u00e9 en Valais pour son camp d&rsquo;\u00e9t\u00e9. Une occasion de (re)d\u00e9couvrir ces terrains extraordinaires finalement proches de chez nous mais tout de m\u00eame peu connus. Apr\u00e8s un long trajet, nous nous sommes retrouv\u00e9s au &hellip;<\/p>\n<p class=\"read-more\"> <a class=\"more-link\" href=\"https:\/\/www.cadre-romand.ch\/index.php\/2020\/08\/20\/camp-dete-en-valais\/\"> <span class=\"screen-reader-text\">Camp d&rsquo;\u00e9t\u00e9 en Valais<\/span> Read More &raquo;<\/a><\/p>\n","protected":false},"author":2,"featured_media":0,"comment_status":"closed","ping_status":"closed","sticky":false,"template":"","format":"standard","meta":{"footnotes":""},"categories":[1],"tags":[],"class_list":["post-273","post","type-post","status-publish","format-standard","hentry","category-tous"],"_links":{"self":[{"href":"https:\/\/www.cadre-romand.ch\/index.php\/wp-json\/wp\/v2\/posts\/273","targetHints":{"allow":["GET"]}}],"collection":[{"href":"https:\/\/www.cadre-romand.ch\/index.php\/wp-json\/wp\/v2\/posts"}],"about":[{"href":"https:\/\/www.cadre-romand.ch\/index.php\/wp-json\/wp\/v2\/types\/post"}],"author":[{"embeddable":true,"href":"https:\/\/www.cadre-romand.ch\/index.php\/wp-json\/wp\/v2\/users\/2"}],"replies":[{"embeddable":true,"href":"https:\/\/www.cadre-romand.ch\/index.php\/wp-json\/wp\/v2\/comments?post=273"}],"version-history":[{"count":5,"href":"https:\/\/www.cadre-romand.ch\/index.php\/wp-json\/wp\/v2\/posts\/273\/revisions"}],"predecessor-version":[{"id":281,"href":"https:\/\/www.cadre-romand.ch\/index.php\/wp-json\/wp\/v2\/posts\/273\/revisions\/281"}],"wp:attachment":[{"href":"https:\/\/www.cadre-romand.ch\/index.php\/wp-json\/wp\/v2\/media?parent=273"}],"wp:term":[{"taxonomy":"category","embeddable":true,"href":"https:\/\/www.cadre-romand.ch\/index.php\/wp-json\/wp\/v2\/categories?post=273"},{"taxonomy":"post_tag","embeddable":true,"href":"https:\/\/www.cadre-romand.ch\/index.php\/wp-json\/wp\/v2\/tags?post=273"}],"curies":[{"name":"wp","href":"https:\/\/api.w.org\/{rel}","templated":true}]}}