{"id":157,"date":"2020-02-06T20:51:43","date_gmt":"2020-02-06T19:51:43","guid":{"rendered":"http:\/\/www.cadre-romand.ch\/?p=157"},"modified":"2020-02-06T20:58:25","modified_gmt":"2020-02-06T19:58:25","slug":"weekend-de-sprint","status":"publish","type":"post","link":"https:\/\/www.cadre-romand.ch\/index.php\/2020\/02\/06\/weekend-de-sprint\/","title":{"rendered":"Weekend de sprint"},"content":{"rendered":"\n<p>\u00a0<\/p>\n<p>Ce week-end de sprint s&rsquo;est d\u00e9roul\u00e9 le 1 &amp;2 f\u00e9vrier en Argovie.<\/p>\n<p>Le samedi matin nous sommes arriv\u00e9s au lieu du premier entra\u00eenement. Tout le monde s&rsquo;est chang\u00e9 et les entra\u00eeneurs sont all\u00e9s poser les postes. Tout le monde est ensuite parti au d\u00e9part et a fait son entra\u00eenement. Apr\u00e8s le sprint final, retour au bus pour se changer et d\u00e9briefer avec les amis.<\/p>\n<p>Apr\u00e8s l&rsquo;entra\u00eenement nous nous sommes rendus au logement. Arriv\u00e9s l\u00e0-bas, la dame \u00e0 fait faire le tour du logement \u00e0 Marion et Paul. Certains ont attendu au chaud dans le bus, ou plut\u00f4t dans le coffre du bus, et d&rsquo;autres dehors. Marion et Paul \u00e9tant revenus, nous nous sommes empress\u00e9s de rentrer dans le logement. Nous avons \u00e9t\u00e9 accueilli par un froid glacial; le chauffage a \u00e9t\u00e9 r\u00e9gl\u00e9 de suite sur le plus chaud possible. Nous avons pos\u00e9 nos affaires tranquillement et sommes descendus manger notre pique-nique dans la salle a manger.<\/p>\n<p>Nous avons ensuite eu le droit \u00e0 de la th\u00e9orie sur le sprint pr\u00e9sent\u00e9e par Antoine.<\/p>\n<p>L&rsquo;entra\u00eenement de l&rsquo;apr\u00e8s-midi \u00e9tait des intervalles-o; entra\u00eenement consistant en une succession de petits sprints entrecoup\u00e9s de pauses. Nous avons commenc\u00e9 par nous rendre jusqu&rsquo;au d\u00e9part nous avons \u00e9t\u00e9 divis\u00e9 en plusieurs \u00e9quipes. Le d\u00e9part \u00e9tant donn\u00e9 en masse nous sommes partis dans diff\u00e9rents choix de cheminements ou pas pour certains.<\/p>\n<p>Arriv\u00e9s \u00e0 la derni\u00e8re intervalle nous \u00e9tions heureu(x)(ses) de terminer.<\/p>\n<p>Nous sommes revenus au logement en courant, nous nous sommes douch\u00e9s dans notre seule et unique douche chez les filles.<\/p>\n<p>Dans la soir\u00e9 beaucoup d&rsquo;entre nous se sont mis \u00e0 jouer au cartes jusqu&rsquo;\u00e0 ce que l&rsquo;on commence a cuisiner le repas.<\/p>\n<p>Apr\u00e8s le souper nous avons analys\u00e9 les entra\u00eenements de la journ\u00e9e.<\/p>\n<p>Le dimanche matin nous nous sommes r\u00e9veill\u00e9 \u00e0 8h moins quart mais les gar\u00e7ons n\u2019ayant \u00ab pas entendu \u00bb le r\u00e9veil avaient quelques minutes de retard. Le d\u00e9jeuner aval\u00e9, nous nous sommes attaqu\u00e9s aux nettoyage. Accompagn\u00e9s d\u2019une petite pluie nous sommes ensuite partis dans les environs d\u2019Aarau pour faire des exercices de sprint comme des choix de cheminement, des micros sprint ou encore des \u00ab memory \u00bb (parcours facile avec le droit de ne regarder la carte qu&rsquo;une fois par poste). Apr\u00e8s cet entra\u00eenement, nous avons pique-niqu\u00e9 et sommes partis sur le lieu du relais. Nous avions deux parcours par personnes et Simon et Loriane ont remport\u00e9 ce magnifique relais \ud83d\ude42<\/p>\n<p>Merci \u00e0 Paul d\u2019avoir organis\u00e9 ce week-end et d\u2019avoir trac\u00e9 ces entra\u00eenements \ud83d\ude09<\/p>\n<p>\u00a0<\/p>\n<p>Anouk &amp; Justine<\/p>\n<p><img loading=\"lazy\" decoding=\"async\" class=\"alignnone size-medium wp-image-159\" src=\"http:\/\/www.cadre-romand.ch\/wp-content\/uploads\/2020\/02\/WkSprint-300x225.png\" alt=\"\" width=\"300\" height=\"225\" srcset=\"https:\/\/www.cadre-romand.ch\/wp-content\/uploads\/2020\/02\/WkSprint-300x225.png 300w, https:\/\/www.cadre-romand.ch\/wp-content\/uploads\/2020\/02\/WkSprint-768x576.png 768w, https:\/\/www.cadre-romand.ch\/wp-content\/uploads\/2020\/02\/WkSprint.png 1024w\" sizes=\"auto, (max-width: 300px) 100vw, 300px\" \/><\/p>\n","protected":false},"excerpt":{"rendered":"<p>\u00a0 Ce week-end de sprint s&rsquo;est d\u00e9roul\u00e9 le 1 &amp;2 f\u00e9vrier en Argovie. Le samedi matin nous sommes arriv\u00e9s au lieu du premier entra\u00eenement. Tout le monde s&rsquo;est chang\u00e9 et les entra\u00eeneurs sont all\u00e9s poser les postes. Tout le monde &hellip;<\/p>\n<p class=\"read-more\"> <a class=\"more-link\" href=\"https:\/\/www.cadre-romand.ch\/index.php\/2020\/02\/06\/weekend-de-sprint\/\"> <span class=\"screen-reader-text\">Weekend de sprint<\/span> Read More &raquo;<\/a><\/p>\n","protected":false},"author":2,"featured_media":0,"comment_status":"closed","ping_status":"closed","sticky":false,"template":"","format":"standard","meta":{"footnotes":""},"categories":[1],"tags":[],"class_list":["post-157","post","type-post","status-publish","format-standard","hentry","category-tous"],"_links":{"self":[{"href":"https:\/\/www.cadre-romand.ch\/index.php\/wp-json\/wp\/v2\/posts\/157","targetHints":{"allow":["GET"]}}],"collection":[{"href":"https:\/\/www.cadre-romand.ch\/index.php\/wp-json\/wp\/v2\/posts"}],"about":[{"href":"https:\/\/www.cadre-romand.ch\/index.php\/wp-json\/wp\/v2\/types\/post"}],"author":[{"embeddable":true,"href":"https:\/\/www.cadre-romand.ch\/index.php\/wp-json\/wp\/v2\/users\/2"}],"replies":[{"embeddable":true,"href":"https:\/\/www.cadre-romand.ch\/index.php\/wp-json\/wp\/v2\/comments?post=157"}],"version-history":[{"count":2,"href":"https:\/\/www.cadre-romand.ch\/index.php\/wp-json\/wp\/v2\/posts\/157\/revisions"}],"predecessor-version":[{"id":160,"href":"https:\/\/www.cadre-romand.ch\/index.php\/wp-json\/wp\/v2\/posts\/157\/revisions\/160"}],"wp:attachment":[{"href":"https:\/\/www.cadre-romand.ch\/index.php\/wp-json\/wp\/v2\/media?parent=157"}],"wp:term":[{"taxonomy":"category","embeddable":true,"href":"https:\/\/www.cadre-romand.ch\/index.php\/wp-json\/wp\/v2\/categories?post=157"},{"taxonomy":"post_tag","embeddable":true,"href":"https:\/\/www.cadre-romand.ch\/index.php\/wp-json\/wp\/v2\/tags?post=157"}],"curies":[{"name":"wp","href":"https:\/\/api.w.org\/{rel}","templated":true}]}}